[{"@context":"https:\/\/schema.org\/","@type":"Article","@id":"https:\/\/www.vesmont.cz\/virtualni-kancelar\/#Article","mainEntityOfPage":"https:\/\/www.vesmont.cz\/virtualni-kancelar\/","headline":"Virtu\u00e1ln\u00ed kancel\u00e1\u0159","name":"Virtu\u00e1ln\u00ed kancel\u00e1\u0159","description":"od na\u0161\u00ed spole\u010dnosti vy\u017eaduje samoz\u0159ejm\u011b jist\u00e9 za\u0159\u00edzen\u00ed. Pokud \u017e\u00e1d\u00e1te komplexn\u011b za\u0159\u00edzenou, tak ta v sob\u011b zahrnuje re\u00e1lnou po\u0161tovn\u00ed adresu, odeb\u00edr\u00e1n\u00ed a \u00faschovu po\u0161ty, a sou\u010dasn\u011b budete samoz\u0159ejm\u011b o ka\u017ed\u00e9 p\u0159ijat\u00e9 z\u00e1silce podrobn\u011b informov\u00e1ni. V\u0161echny tyto a dal\u0161\u00ed slu\u017eby jsou poskytov\u00e1ny v r\u00e1mci pron\u00e1jmu virtu\u00e1ln\u00ed kancel\u00e1\u0159 a v p\u0159\u00edpad\u011b va\u0161eho z\u00e1jmu je samoz\u0159ejm\u011b mo\u017en\u00e9 do\u0161lou po\u0161tu &hellip; ","datePublished":"2025-03-13","dateModified":"2025-03-13","author":{"@type":"Person","@id":"https:\/\/www.vesmont.cz\/author\/#Person","name":"vesmont.cz\n","url":"https:\/\/www.vesmont.cz\/author\/","identifier":1,"image":{"@type":"ImageObject","@id":"https:\/\/secure.gravatar.com\/avatar\/75822ebcb33f26a58f54da5d813b950f2ea435f36540e293975e215a51d4a023?s=96&d=mm&r=g","url":"https:\/\/secure.gravatar.com\/avatar\/75822ebcb33f26a58f54da5d813b950f2ea435f36540e293975e215a51d4a023?s=96&d=mm&r=g","height":96,"width":96}},"publisher":{"@type":"Organization","name":"vesmont.cz","logo":{"@type":"ImageObject","@id":"\/logo.png","url":"\/logo.png","width":600,"height":60}},"url":"https:\/\/www.vesmont.cz\/virtualni-kancelar\/","wordCount":181,"articleBody":" od na\u0161\u00ed spole\u010dnosti vy\u017eaduje samoz\u0159ejm\u011b jist\u00e9 za\u0159\u00edzen\u00ed. Pokud \u017e\u00e1d\u00e1te komplexn\u011b za\u0159\u00edzenou, tak ta v sob\u011b zahrnuje re\u00e1lnou po\u0161tovn\u00ed adresu, odeb\u00edr\u00e1n\u00ed a \u00faschovu po\u0161ty, a sou\u010dasn\u011b budete samoz\u0159ejm\u011b o ka\u017ed\u00e9 p\u0159ijat\u00e9 z\u00e1silce podrobn\u011b informov\u00e1ni.V\u0161echny tyto a dal\u0161\u00ed slu\u017eby jsou poskytov\u00e1ny v r\u00e1mci pron\u00e1jmu virtu\u00e1ln\u00ed kancel\u00e1\u0159 a v p\u0159\u00edpad\u011b va\u0161eho z\u00e1jmu je samoz\u0159ejm\u011b mo\u017en\u00e9 do\u0161lou po\u0161tu p\u0159epos\u00edlat na v\u00e1mi zvolenou adresu. Na\u0161e komplexn\u011b za\u0159\u00edzen\u00e9 virtu\u00e1ln\u00ed kancel\u00e1\u0159 e nab\u00edzej\u00ed mnoho v\u00fdhod za velmi p\u0159ijateln\u00e9 ceny, kter\u00e9 si m\u016f\u017eete dovolit i jako skute\u010dn\u011b za\u010d\u00ednaj\u00edc\u00ed podnikatel\u00e9.V\u00fdhody za p\u0159ijatelnou cenuPokud si tedy va\u0161e za\u010d\u00ednaj\u00edc\u00ed firma nem\u016f\u017ee pop\u0159\u00edpad\u011b nechce pronajmout kancel\u00e1\u0159sk\u00e9 prostory, nebo se v\u00e1m to zkr\u00e1tka nevyplat\u00ed, jak jste si p\u0159edem dok\u00e1zali spo\u010d\u00edtat, v takov\u00e9m p\u0159\u00edpad\u011b volte pron\u00e1jem kancel\u00e1\u0159e jinak &#8211; volte virtu\u00e1ln\u00ed kancel\u00e1\u0159.                                                                                                                                                                                                                                                                                                                                                                                                "},{"@context":"https:\/\/schema.org\/","@type":"BreadcrumbList","itemListElement":[{"@type":"ListItem","position":1,"name":"Virtu\u00e1ln\u00ed kancel\u00e1\u0159","item":"https:\/\/www.vesmont.cz\/virtualni-kancelar\/#breadcrumbitem"}]}]