[{"@context":"https:\/\/schema.org\/","@type":"Article","@id":"https:\/\/www.vesmont.cz\/spolubydleni-skvely-napad-nebo-past\/#Article","mainEntityOfPage":"https:\/\/www.vesmont.cz\/spolubydleni-skvely-napad-nebo-past\/","headline":"Spolubydlen\u00ed \u2013 skv\u011bl\u00fd n\u00e1pad nebo past?","name":"Spolubydlen\u00ed \u2013 skv\u011bl\u00fd n\u00e1pad nebo past?","description":"Kdy\u017e se osamostatn\u00edte a odst\u011bhujete od rodi\u010d\u016f, a\u0165 u\u017e je to v\u00a0jak\u00e9mkoli v\u011bku, v\u017edy v\u00e1s realita dosp\u011bl\u00e9ho \u017eivota tak trochu p\u0159ekvap\u00ed. Nejen\u017ee se o sebe nyn\u00ed mus\u00edte starat sami, ale krom\u011b toho naraz\u00edte hned v\u00a0prvn\u00ed p\u0159\u00edle\u017eitosti p\u0159i hled\u00e1n\u00ed vhodn\u00e9ho bydlen\u00ed. Mluvme nyn\u00ed konkr\u00e9tn\u011b o problematice pron\u00e1jm\u016f ve v\u011bt\u0161\u00edch m\u011bstech. Situace je takov\u00e1, \u017ee jste-li \u010dlov\u011bk, &hellip; ","datePublished":"2019-06-12","dateModified":"2023-04-28","author":{"@type":"Person","@id":"https:\/\/www.vesmont.cz\/author\/#Person","name":"vesmont.cz\n","url":"https:\/\/www.vesmont.cz\/author\/","identifier":1,"image":{"@type":"ImageObject","@id":"https:\/\/secure.gravatar.com\/avatar\/75822ebcb33f26a58f54da5d813b950f2ea435f36540e293975e215a51d4a023?s=96&d=mm&r=g","url":"https:\/\/secure.gravatar.com\/avatar\/75822ebcb33f26a58f54da5d813b950f2ea435f36540e293975e215a51d4a023?s=96&d=mm&r=g","height":96,"width":96}},"publisher":{"@type":"Organization","name":"vesmont.cz","logo":{"@type":"ImageObject","@id":"\/logo.png","url":"\/logo.png","width":600,"height":60}},"image":{"@type":"ImageObject","@id":"https:\/\/www.vesmont.cz\/wp-content\/uploads\/img_a348793_w1774_t1563644437.jpg","url":"https:\/\/www.vesmont.cz\/wp-content\/uploads\/img_a348793_w1774_t1563644437.jpg","height":0,"width":0},"url":"https:\/\/www.vesmont.cz\/spolubydleni-skvely-napad-nebo-past\/","about":["\u017divotn\u00ed styl"],"wordCount":415,"articleBody":"Kdy\u017e se osamostatn\u00edte a odst\u011bhujete od rodi\u010d\u016f, a\u0165 u\u017e je to v\u00a0jak\u00e9mkoli v\u011bku, v\u017edy v\u00e1s realita dosp\u011bl\u00e9ho \u017eivota tak trochu p\u0159ekvap\u00ed. Nejen\u017ee se o sebe nyn\u00ed mus\u00edte starat sami, ale krom\u011b toho naraz\u00edte hned v\u00a0prvn\u00ed p\u0159\u00edle\u017eitosti p\u0159i hled\u00e1n\u00ed vhodn\u00e9ho bydlen\u00ed. Mluvme nyn\u00ed konkr\u00e9tn\u011b o problematice pron\u00e1jm\u016f ve v\u011bt\u0161\u00edch m\u011bstech.\tSituace je takov\u00e1, \u017ee jste-li \u010dlov\u011bk, kter\u00fd bydl\u00ed ve velk\u00e9m m\u011bst\u011b, kde i pracuje a \u017eije aktivn\u00edm \u017eivotem, pokud jeho startovn\u00ed pr\u00e1ce nen\u00ed zrovna p\u0159edseda p\u0159edstavenstva gigantick\u00e9 obchodn\u00ed spole\u010dnosti, s\u00a0nejv\u011bt\u0161\u00ed pravd\u011bpodobnost\u00ed si nem\u016f\u017ee dovolit podn\u00e1jem o velikosti 60 \u010dtvere\u010dn\u00edch metr\u016f bl\u00edzko m\u011bstsk\u00e9 hromadn\u00e9 dopravy s\u00e1m, tak\u0159\u00edkaj\u00edc na vlastn\u00ed triko. Co se tedy p\u0159ipad\u00e1 v\u00a0\u00favahu? Spolubydlen\u00ed.\tJak\u00e9 jsou jeho siln\u00e9 a slab\u00e9 str\u00e1nky a na co se p\u0159ipravit?\tV\u00fdhody:\t&#8211;\u00a0\u00a0\u00a0\u00a0\u00a0\u00a0\u00a0\u00a0\u00a0 U\u0161et\u0159\u00edte za n\u00e1jem.\t&#8211;\u00a0\u00a0\u00a0\u00a0\u00a0\u00a0\u00a0\u00a0\u00a0 Pod\u011bl\u00edte se o dom\u00e1c\u00ed pr\u00e1ce.\t&#8211;\u00a0\u00a0\u00a0\u00a0\u00a0\u00a0\u00a0\u00a0\u00a0 Pokud si se sv\u00fdmi spolubydl\u00edc\u00edmi jste \/ budete bl\u00edzc\u00ed, jist\u011b si u\u017eijete spoustu legrace.\t&#8211;\u00a0\u00a0\u00a0\u00a0\u00a0\u00a0\u00a0\u00a0\u00a0 Z\u00edsk\u00e1te skv\u011bl\u00e9 kamar\u00e1dy.\t&#8211;\u00a0\u00a0\u00a0\u00a0\u00a0\u00a0\u00a0\u00a0\u00a0 Pod\u011bl\u00edte se o to, kdo jak\u00fdm zp\u016fsobem p\u0159isp\u011bje na vybaven\u00ed bytu.\t&#8211;\u00a0\u00a0\u00a0\u00a0\u00a0\u00a0\u00a0\u00a0\u00a0 Budete-li m\u00edt v\u00a0byt\u011b n\u011bjak\u00fd probl\u00e9m, ve dvou se v\u0161e l\u00e9pe t\u00e1hne.\t\tNev\u00fdhody:\t&#8211;\u00a0\u00a0\u00a0\u00a0\u00a0\u00a0\u00a0\u00a0\u00a0 N\u011bkdy m\u016f\u017eete m\u00edt pocit, \u017ee nem\u00e1te sv\u016fj prostor. O v\u0161e (krom\u011b sv\u00e9ho pokoje, pokud tedy se spolubydl\u00edc\u00edm nesd\u00edl\u00edte i lo\u017enici) se mus\u00edte d\u011blit.\t&#8211;\u00a0\u00a0\u00a0\u00a0\u00a0\u00a0\u00a0\u00a0\u00a0 Uklizen\u00fd byt si ka\u017ed\u00fd p\u0159edstavuje trochu jinak. V\u00a0ot\u00e1zk\u00e1ch \u00faklidu a toho, kdo je nap\u0159. na \u0159ad\u011b s\u00a0vyt\u00edr\u00e1n\u00edm, mohou nastat nep\u0159\u00edjemn\u00e9 t\u0159ec\u00ed plochy.\t&#8211;\u00a0\u00a0\u00a0\u00a0\u00a0\u00a0\u00a0\u00a0\u00a0 Pokud si se spolubydl\u00edc\u00edm osobnostn\u011b nesednete, nejsp\u00ed\u0161 se v\u00e1m spolu nebude ani snadno sd\u00edlet domov.\t&#8211;\u00a0\u00a0\u00a0\u00a0\u00a0\u00a0\u00a0\u00a0\u00a0 Pokud se s\u00a0druh\u00fdm zn\u00e1te je\u0161t\u011b z\u00a0dob p\u0159ed spole\u010dn\u00fdm bydlen\u00edm, b\u011bhem sd\u00edlen\u00ed prostoru m\u016f\u017eete potom najednou zjistit, \u017ee v\u00e1s kamar\u00e1d vlastn\u011b \u0161tve a spole\u010dn\u00e9 bydlen\u00ed tak m\u016f\u017ee v\u00a0n\u011bkter\u00fdch p\u0159\u00edpadech v\u00e9st i k\u00a0ukon\u010den\u00ed cel\u00e9ho p\u0159\u00e1telstv\u00ed.\t&#8211;\u00a0\u00a0\u00a0\u00a0\u00a0\u00a0\u00a0\u00a0\u00a0 Budete-li m\u00edt n\u011bjak\u00fd probl\u00e9m s\u00a0\u010d\u00edmkoli, je mo\u017en\u00e9, \u017ee druh\u00fd ho bude cht\u00edt \u0159e\u0161it jin\u00fdm zp\u016fsobem.                                                                                                                                                                                                                                                                                                                                                                                        4.1\/5 - (8 votes)        "},{"@context":"https:\/\/schema.org\/","@type":"BreadcrumbList","itemListElement":[{"@type":"ListItem","position":1,"name":"Spolubydlen\u00ed \u2013 skv\u011bl\u00fd n\u00e1pad nebo past?","item":"https:\/\/www.vesmont.cz\/spolubydleni-skvely-napad-nebo-past\/#breadcrumbitem"}]}]